{"id":1170,"date":"2023-05-25T08:53:06","date_gmt":"2023-05-25T08:53:06","guid":{"rendered":"https:\/\/evamasadvocats.com\/sin-categorizar\/acto-celebracion-amat\/"},"modified":"2023-07-19T09:36:00","modified_gmt":"2023-07-19T09:36:00","slug":"acto-celebracion-amat","status":"publish","type":"post","link":"https:\/\/evamasadvocats.com\/es\/actualidad\/acto-celebracion-amat\/","title":{"rendered":"ACTO CELEBRACI\u00d3N AMAT"},"content":{"rendered":"\n<p>El pasado d\u00eda 3 de mayo tuve el placer de participar de la celebraci\u00f3n del 75 aniversario de AMAT INMOBILIARIOS en el Auditori de Barcelona. Una celebraci\u00f3n donde se congregaron much\u00edsimos invitados ilustres y pudimos disfrutar de un magn\u00edfico acto conducido magistralmente por Antoni Bassas, un discurso cargado de s\u00edmbolos, valores familiares y trabajo. <\/p>\n\n<p>Bien merecida la felicitaci\u00f3n, especialmente a la Inmaculada y Joana Amat, ya que no todas las empresas familiares llegan a celebrar este hito con el paso de tres generaciones dedicadas y apasionadas de su trabajo, poniendo siempre al cliente en el centro y contando con los colaboradores como parte de una gran familia. <\/p>\n\n<p>\u00a1Gracias por su confianza y por muchos a\u00f1os!<\/p>\n\n<div class=\"wp-block-group is-layout-constrained wp-block-group-is-layout-constrained\">\n<div class=\"wp-block-columns is-layout-flex wp-container-core-columns-is-layout-9d6595d7 wp-block-columns-is-layout-flex\">\n<div class=\"wp-block-column is-layout-flow wp-block-column-is-layout-flow\" style=\"flex-basis:100%\">\n<figure class=\"wp-block-image size-full\"><img loading=\"lazy\" decoding=\"async\" width=\"799\" height=\"533\" src=\"https:\/\/evamasadvocats.com\/wp-content\/uploads\/2023\/07\/Celebracio-Amat-Eva-Mas.jpg\" alt=\"Celebracio-Amat-Eva-Mas\" class=\"wp-image-963\" srcset=\"https:\/\/evamasadvocats.com\/wp-content\/uploads\/2023\/07\/Celebracio-Amat-Eva-Mas.jpg 799w, https:\/\/evamasadvocats.com\/wp-content\/uploads\/2023\/07\/Celebracio-Amat-Eva-Mas-480x320.jpg 480w\" sizes=\"(min-width: 0px) and (max-width: 480px) 480px, (min-width: 481px) 799px, 100vw\" \/><\/figure>\n\n\n\n<figure class=\"wp-block-image size-full\"><img loading=\"lazy\" decoding=\"async\" width=\"799\" height=\"533\" src=\"https:\/\/evamasadvocats.com\/wp-content\/uploads\/2023\/07\/Acte-de-celebracio-Amat-Eva-Mas-advocada.jpg\" alt=\"Acte-de-celebracio-Amat-Eva-Mas-advocada\" class=\"wp-image-967\" srcset=\"https:\/\/evamasadvocats.com\/wp-content\/uploads\/2023\/07\/Acte-de-celebracio-Amat-Eva-Mas-advocada.jpg 799w, https:\/\/evamasadvocats.com\/wp-content\/uploads\/2023\/07\/Acte-de-celebracio-Amat-Eva-Mas-advocada-480x320.jpg 480w\" sizes=\"(min-width: 0px) and (max-width: 480px) 480px, (min-width: 481px) 799px, 100vw\" \/><\/figure>\n<\/div>\n<\/div>\n<\/div>\n\n<figure class=\"wp-block-image size-large\"><img loading=\"lazy\" decoding=\"async\" width=\"577\" height=\"1024\" src=\"https:\/\/evamasadvocats.com\/wp-content\/uploads\/2023\/07\/ACTE-CELEBRACIO-AMAT-Eva-Mas-4-577x1024.jpg\" alt=\"\" class=\"wp-image-999\"\/><\/figure>\n","protected":false},"excerpt":{"rendered":"<p>Celebraci\u00f3n del 75 aniversario de AMAT INMOVILIARIOS en el Auditori de Barcelona. Un magn\u00edfico acto conducido magistralmente por Antoni Bassas.<\/p>\n","protected":false},"author":4,"featured_media":608,"comment_status":"open","ping_status":"closed","sticky":false,"template":"","format":"standard","meta":{"_et_pb_use_builder":"","_et_pb_old_content":"","_et_gb_content_width":"","footnotes":""},"categories":[59],"tags":[],"dipi_cpt_category":[],"class_list":["post-1170","post","type-post","status-publish","format-standard","has-post-thumbnail","hentry","category-actualidad"],"_links":{"self":[{"href":"https:\/\/evamasadvocats.com\/es\/wp-json\/wp\/v2\/posts\/1170","targetHints":{"allow":["GET"]}}],"collection":[{"href":"https:\/\/evamasadvocats.com\/es\/wp-json\/wp\/v2\/posts"}],"about":[{"href":"https:\/\/evamasadvocats.com\/es\/wp-json\/wp\/v2\/types\/post"}],"author":[{"embeddable":true,"href":"https:\/\/evamasadvocats.com\/es\/wp-json\/wp\/v2\/users\/4"}],"replies":[{"embeddable":true,"href":"https:\/\/evamasadvocats.com\/es\/wp-json\/wp\/v2\/comments?post=1170"}],"version-history":[{"count":1,"href":"https:\/\/evamasadvocats.com\/es\/wp-json\/wp\/v2\/posts\/1170\/revisions"}],"predecessor-version":[{"id":1171,"href":"https:\/\/evamasadvocats.com\/es\/wp-json\/wp\/v2\/posts\/1170\/revisions\/1171"}],"wp:featuredmedia":[{"embeddable":true,"href":"https:\/\/evamasadvocats.com\/es\/wp-json\/wp\/v2\/media\/608"}],"wp:attachment":[{"href":"https:\/\/evamasadvocats.com\/es\/wp-json\/wp\/v2\/media?parent=1170"}],"wp:term":[{"taxonomy":"category","embeddable":true,"href":"https:\/\/evamasadvocats.com\/es\/wp-json\/wp\/v2\/categories?post=1170"},{"taxonomy":"post_tag","embeddable":true,"href":"https:\/\/evamasadvocats.com\/es\/wp-json\/wp\/v2\/tags?post=1170"},{"taxonomy":"dipi_cpt_category","embeddable":true,"href":"https:\/\/evamasadvocats.com\/es\/wp-json\/wp\/v2\/dipi_cpt_category?post=1170"}],"curies":[{"name":"wp","href":"https:\/\/api.w.org\/{rel}","templated":true}]}}